{"id":8125,"date":"2021-05-22T18:59:59","date_gmt":"2021-05-22T16:59:59","guid":{"rendered":"https:\/\/sloneczna9.pl\/?p=8125"},"modified":"2021-05-22T18:59:59","modified_gmt":"2021-05-22T16:59:59","slug":"dni-skandynawskie-4","status":"publish","type":"post","link":"https:\/\/sloneczna9.pl\/?p=8125","title":{"rendered":"DNI SKANDYNAWSKIE"},"content":{"rendered":"<p>W ramach Dni Skandynawskich odbywaj\u0105cych si\u0119 w tym roku w dniach 19 i 20 maja, przedszkolaki ze S\u0142onecznej Dziewi\u0105tki mia\u0142y okazj\u0119 wzbogaci\u0107 swoj\u0105 wiedz\u0119 na temat wybranego pa\u0144stwa skandynawskiego. Dzieci pozna\u0142y po\u0142o\u017cenie geograficzne wybranego kraju, jego stolic\u0119, flag\u0119, tradycje, zabytki, charakterystyczne cechy klimatu, flor\u0119 i faun\u0119 oraz ciekawostki. Dzieci konstruowa\u0142y z klock\u00f3w LEGO, s\u0142ucha\u0142y bajek skandynawskich autor\u00f3w, tworzy\u0142y pi\u0119kne prace plastyczne. A na koniec wybra\u0142y si\u0119 w morsk\u0105 podr\u00f3\u017c z weso\u0142ymi wikingami.<\/p>\n<p><img loading=\"lazy\" class=\"alignnone size-full wp-image-8126\" src=\"https:\/\/sloneczna9.pl\/wp-content\/uploads\/2021\/05\/IMG-20210519-WA0000-1.jpg\" alt=\"\" width=\"1024\" height=\"768\"><\/p>\n<p><img loading=\"lazy\" class=\"alignnone size-large wp-image-8127\" src=\"https:\/\/sloneczna9.pl\/wp-content\/uploads\/2021\/05\/IMG-4204-768x1024.jpg\" alt=\"\" width=\"640\" height=\"853\"><\/p>\n<p><img loading=\"lazy\" class=\"alignnone size-large wp-image-8128\" src=\"https:\/\/sloneczna9.pl\/wp-content\/uploads\/2021\/05\/IMG-4168-1024x768.jpg\" alt=\"\" width=\"640\" height=\"480\"><\/p>\n<p><img loading=\"lazy\" class=\"alignnone size-full wp-image-8129\" src=\"https:\/\/sloneczna9.pl\/wp-content\/uploads\/2021\/05\/IMG-20210520-WA0001.jpg\" alt=\"\" width=\"1024\" height=\"768\"><\/p>\n<p><img loading=\"lazy\" class=\"alignnone  wp-image-8130\" src=\"https:\/\/sloneczna9.pl\/wp-content\/uploads\/2021\/05\/IMG-20210519-WA0003.jpg\" alt=\"\" width=\"580\" height=\"435\"><\/p>\n<p><img loading=\"lazy\" class=\"alignnone size-large wp-image-8132\" src=\"https:\/\/sloneczna9.pl\/wp-content\/uploads\/2021\/05\/PART_1621412705813-768x1024.jpeg\" alt=\"\" width=\"640\" height=\"853\"><\/p>\n<p><img loading=\"lazy\" class=\"alignnone size-large wp-image-8140\" src=\"https:\/\/sloneczna9.pl\/wp-content\/uploads\/2021\/05\/PART_1621412719524-1-768x1024.jpeg\" alt=\"\" width=\"640\" height=\"853\"><\/p>\n<p><img loading=\"lazy\" class=\"alignnone size-large wp-image-8134\" src=\"https:\/\/sloneczna9.pl\/wp-content\/uploads\/2021\/05\/20210519_092319-1-1024x576.jpg\" alt=\"\" width=\"640\" height=\"360\"><\/p>\n<p><img loading=\"lazy\" class=\"alignnone size-large wp-image-8137\" src=\"https:\/\/sloneczna9.pl\/wp-content\/uploads\/2021\/05\/20210520_134746-2-1024x576.jpg\" alt=\"\" width=\"640\" height=\"360\"><\/p>\n<p><img loading=\"lazy\" class=\"alignnone size-large wp-image-8139\" src=\"https:\/\/sloneczna9.pl\/wp-content\/uploads\/2021\/05\/20210520_114527-1-1-1024x576.jpg\" alt=\"\" width=\"640\" height=\"360\"><\/p>\n","protected":false},"excerpt":{"rendered":"<p>W ramach Dni Skandynawskich odbywaj\u0105cych si\u0119 w tym roku w dniach 19 i 20 maja, przedszkolaki ze S\u0142onecznej Dziewi\u0105tki mia\u0142y okazj\u0119 wzbogaci\u0107 swoj\u0105 wiedz\u0119 na temat wybranego pa\u0144stwa skandynawskiego. Dzieci pozna\u0142y po\u0142o\u017cenie geograficzne wybranego kraju, jego stolic\u0119, flag\u0119, tradycje, zabytki, charakterystyczne cechy klimatu, flor\u0119 i faun\u0119 oraz ciekawostki. Dzieci konstruowa\u0142y z klock\u00f3w LEGO, s\u0142ucha\u0142y bajek [&hellip;]<\/p>\n","protected":false},"author":23,"featured_media":0,"comment_status":"closed","ping_status":"closed","sticky":false,"template":"","format":"standard","meta":{"ngg_post_thumbnail":0},"categories":[1],"tags":[],"_links":{"self":[{"href":"https:\/\/sloneczna9.pl\/index.php?rest_route=\/wp\/v2\/posts\/8125"}],"collection":[{"href":"https:\/\/sloneczna9.pl\/index.php?rest_route=\/wp\/v2\/posts"}],"about":[{"href":"https:\/\/sloneczna9.pl\/index.php?rest_route=\/wp\/v2\/types\/post"}],"author":[{"embeddable":true,"href":"https:\/\/sloneczna9.pl\/index.php?rest_route=\/wp\/v2\/users\/23"}],"replies":[{"embeddable":true,"href":"https:\/\/sloneczna9.pl\/index.php?rest_route=%2Fwp%2Fv2%2Fcomments&post=8125"}],"version-history":[{"count":1,"href":"https:\/\/sloneczna9.pl\/index.php?rest_route=\/wp\/v2\/posts\/8125\/revisions"}],"predecessor-version":[{"id":8141,"href":"https:\/\/sloneczna9.pl\/index.php?rest_route=\/wp\/v2\/posts\/8125\/revisions\/8141"}],"wp:attachment":[{"href":"https:\/\/sloneczna9.pl\/index.php?rest_route=%2Fwp%2Fv2%2Fmedia&parent=8125"}],"wp:term":[{"taxonomy":"category","embeddable":true,"href":"https:\/\/sloneczna9.pl\/index.php?rest_route=%2Fwp%2Fv2%2Fcategories&post=8125"},{"taxonomy":"post_tag","embeddable":true,"href":"https:\/\/sloneczna9.pl\/index.php?rest_route=%2Fwp%2Fv2%2Ftags&post=8125"}],"curies":[{"name":"wp","href":"https:\/\/api.w.org\/{rel}","templated":true}]}}