{"id":4099,"date":"2020-12-02T08:29:15","date_gmt":"2020-12-02T07:29:15","guid":{"rendered":"https:\/\/sloneczna9.pl\/?p=4099"},"modified":"2021-03-22T20:43:30","modified_gmt":"2021-03-22T19:43:30","slug":"dzien-misia-na-sportowo","status":"publish","type":"post","link":"https:\/\/sloneczna9.pl\/?p=4099","title":{"rendered":"DZIE\u0143 MISIA NA SPORTOWO"},"content":{"rendered":"<p>W grupie \u201eT\u0119czowe rybki\u201c oraz w grupie \u201eSkrzaty\u201c odby\u0142 si\u0119 Dzie\u0144 Misia na sportowo \ud83d\ude03 &nbsp; porann\u0105 gimnastyk\u0119 z Misiem dzieci wykona\u0142y z jednym z rodzic\u00f3w z grupy \u201eT\u0119czowe rybki\u201c, kt\u00f3ry odwiedzi\u0142 nas jako Mi\u015b Nied\u017awiadek \ud83d\ude0a W ramach programu \u201eCa\u0142a Polska czyta dzieciom\u201c dzieci pozna\u0142y tak\u017ce wiersze zwi\u0105zane z przygodami Misia \ud83d\ude0a oraz w ramach \u0107wicze\u0144 sportowych pokona\u0142y tor przeszk\u00f3d!&nbsp;<\/p>\n<div dir=\"auto\">Panu Bartoszowi bardzo dzi\u0119kujemy za \u015bwietn\u0105 zabaw\u0119 oraz za zaanaga\u017cowanie!!!! \u2764\ufe0f\u2764\ufe0f\u2764\ufe0f<\/div>\n<div>&nbsp;<\/div>\n<div><img loading=\"lazy\" src=\"http:\/\/nowa.sloneczna9.pl\/images\/abc.jpg\" alt=\"abc\" width=\"698\" height=\"931\"><img loading=\"lazy\" src=\"http:\/\/nowa.sloneczna9.pl\/images\/abc2.jpg\" alt=\"abc2\" width=\"699\" height=\"932\"><\/div>\n<div><img loading=\"lazy\" src=\"http:\/\/nowa.sloneczna9.pl\/images\/abc3.jpg\" alt=\"abc3\" width=\"699\" height=\"933\"><img loading=\"lazy\" src=\"http:\/\/nowa.sloneczna9.pl\/images\/abc4.jpg\" alt=\"abc4\" width=\"698\" height=\"931\"><\/div>\n","protected":false},"excerpt":{"rendered":"<p>W grupie \u201eT\u0119czowe rybki\u201c oraz w grupie \u201eSkrzaty\u201c odby\u0142 si\u0119 Dzie\u0144 Misia na sportowo \ud83d\ude03 &nbsp; porann\u0105 gimnastyk\u0119 z Misiem dzieci wykona\u0142y z jednym z rodzic\u00f3w z grupy \u201eT\u0119czowe rybki\u201c, kt\u00f3ry odwiedzi\u0142 nas jako Mi\u015b Nied\u017awiadek \ud83d\ude0a W ramach programu \u201eCa\u0142a Polska czyta dzieciom\u201c dzieci pozna\u0142y tak\u017ce wiersze zwi\u0105zane z przygodami Misia \ud83d\ude0a oraz w [&hellip;]<\/p>\n","protected":false},"author":19,"featured_media":0,"comment_status":"closed","ping_status":"closed","sticky":false,"template":"","format":"standard","meta":{"ngg_post_thumbnail":0},"categories":[26],"tags":[],"_links":{"self":[{"href":"https:\/\/sloneczna9.pl\/index.php?rest_route=\/wp\/v2\/posts\/4099"}],"collection":[{"href":"https:\/\/sloneczna9.pl\/index.php?rest_route=\/wp\/v2\/posts"}],"about":[{"href":"https:\/\/sloneczna9.pl\/index.php?rest_route=\/wp\/v2\/types\/post"}],"author":[{"embeddable":true,"href":"https:\/\/sloneczna9.pl\/index.php?rest_route=\/wp\/v2\/users\/19"}],"replies":[{"embeddable":true,"href":"https:\/\/sloneczna9.pl\/index.php?rest_route=%2Fwp%2Fv2%2Fcomments&post=4099"}],"version-history":[{"count":1,"href":"https:\/\/sloneczna9.pl\/index.php?rest_route=\/wp\/v2\/posts\/4099\/revisions"}],"predecessor-version":[{"id":4100,"href":"https:\/\/sloneczna9.pl\/index.php?rest_route=\/wp\/v2\/posts\/4099\/revisions\/4100"}],"wp:attachment":[{"href":"https:\/\/sloneczna9.pl\/index.php?rest_route=%2Fwp%2Fv2%2Fmedia&parent=4099"}],"wp:term":[{"taxonomy":"category","embeddable":true,"href":"https:\/\/sloneczna9.pl\/index.php?rest_route=%2Fwp%2Fv2%2Fcategories&post=4099"},{"taxonomy":"post_tag","embeddable":true,"href":"https:\/\/sloneczna9.pl\/index.php?rest_route=%2Fwp%2Fv2%2Ftags&post=4099"}],"curies":[{"name":"wp","href":"https:\/\/api.w.org\/{rel}","templated":true}]}}