{"id":15115,"date":"2022-03-20T20:50:02","date_gmt":"2022-03-20T19:50:02","guid":{"rendered":"https:\/\/sloneczna9.pl\/?p=15115"},"modified":"2022-03-20T20:51:31","modified_gmt":"2022-03-20T19:51:31","slug":"akcja-unicef-wszystkie-kolory-swiata","status":"publish","type":"post","link":"https:\/\/sloneczna9.pl\/?p=15115","title":{"rendered":"Akcja UNICEF &#8222;Wszystkie Kolory \u015awiata&#8221;"},"content":{"rendered":"<p>Dzieci z Przedszkola Publicznego nr 9 ratuj\u0105 dzieci na \u015bwiecie!<\/p>\n<p>\u201eS\u0142oneczna dziewi\u0105tka\u201d wzi\u0119\u0142a udzia\u0142 w og\u00f3lnopolskiej akcji \u201eWszystkie Kolory \u015awiata\u201d organizowanej przez UNICEF Polska. Dzieci z naszej plac\u00f3wki&nbsp; przygotowywa\u0142y szmaciane laleczki b\u0119d\u0105ce symbolem pomocy, jakiej udziel\u0105 najbardziej potrzebuj\u0105cym dzieciom na \u015bwiecie.<\/p>\n<p>\u201eWszystkie Kolory \u015awiata\u201d to akcja UNICEF, kt\u00f3ra ju\u017c po raz sz\u00f3sty jest przeprowadzana &nbsp;&nbsp;w polskich plac\u00f3wkach edukacyjnych. Ma na celu wsparcie program\u00f3w szczepie\u0144 ratuj\u0105cych \u017cycie dzieci w&nbsp;najubo\u017cszych krajach \u015bwiata. W ramach akcji dzieci wraz z rodzicami, dziadkami w\u0142asnor\u0119cznie projektuj\u0105 i szyj\u0105 szmaciane laleczki. Ka\u017cda z nich&nbsp; ma nadane imi\u0119 i przypisany kraj, z kt\u00f3rego pochodzi. Po zako\u0144czeniu pracy, w przedszkolu odbywa si\u0119 ich wystawa. Na ten dzie\u0144 dzieci zaprosili do przedszkola rodzic\u00f3w, dziadk\u00f3w, opiekun\u00f3w. Ka\u017cdy m\u00f3g\u0142 wybra\u0107 laleczk\u0119, zaopiekowa\u0107 si\u0119 ni\u0105, a jednocze\u015bnie uratowa\u0107 \u017cycie dziecku, przekazuj\u0105c na ten cel darowizn\u0119. Zebrane \u015brodki umo\u017cliwi\u0105 zaszczepienie dzieci mieszkaj\u0105cych w najbiedniejszych krajach \u015bwiata, gdzie codziennie zagra\u017caj\u0105 im takie choroby jak gru\u017alica, odra, t\u0119\u017cec czy polio. Projekt \u201eWszystkie Kolory \u015awiata\u201d wspiera Majka Je\u017cowska, Ambasadorka Dobrej Woli UNICEF.<\/p>\n<p>Kiermasz laleczek w naszej plac\u00f3wce odby\u0142 si\u0119 w 16 marca i cieszy\u0142 si\u0119 du\u017cym zainteresowaniem. Laleczki zosta\u0142y wykupione w ci\u0105gu p\u00f3\u0142torej godziny. Rodzice okazali du\u017co hojno\u015bci zakupuj\u0105c laleczki.<\/p>\n<p><img loading=\"lazy\" class=\"alignnone wp-image-15122 size-large\" src=\"https:\/\/sloneczna9.pl\/wp-content\/uploads\/2022\/03\/20220316_153025-800x600.jpg\" alt=\"\" width=\"640\" height=\"480\"> <img loading=\"lazy\" class=\"alignnone wp-image-15121 size-large\" src=\"https:\/\/sloneczna9.pl\/wp-content\/uploads\/2022\/03\/20220316_152526-449x600.jpg\" alt=\"\" width=\"449\" height=\"600\"><img loading=\"lazy\" class=\"alignnone wp-image-15120 size-large\" src=\"https:\/\/sloneczna9.pl\/wp-content\/uploads\/2022\/03\/20220316_145253-800x600.jpg\" alt=\"\" width=\"640\" height=\"480\"><img loading=\"lazy\" class=\"alignnone wp-image-15118 size-large\" src=\"https:\/\/sloneczna9.pl\/wp-content\/uploads\/2022\/03\/20220316_144411-449x600.jpg\" alt=\"\" width=\"449\" height=\"600\"><img loading=\"lazy\" class=\"alignnone wp-image-15116 size-large\" src=\"https:\/\/sloneczna9.pl\/wp-content\/uploads\/2022\/03\/20220316_144329-449x600.jpg\" alt=\"\" width=\"449\" height=\"600\"><\/p>\n","protected":false},"excerpt":{"rendered":"<p>Dzieci z Przedszkola Publicznego nr 9 ratuj\u0105 dzieci na \u015bwiecie! \u201eS\u0142oneczna dziewi\u0105tka\u201d wzi\u0119\u0142a udzia\u0142 w og\u00f3lnopolskiej akcji \u201eWszystkie Kolory \u015awiata\u201d organizowanej przez UNICEF Polska. Dzieci z naszej plac\u00f3wki&nbsp; przygotowywa\u0142y szmaciane laleczki b\u0119d\u0105ce symbolem pomocy, jakiej udziel\u0105 najbardziej potrzebuj\u0105cym dzieciom na \u015bwiecie. \u201eWszystkie Kolory \u015awiata\u201d to akcja UNICEF, kt\u00f3ra ju\u017c po raz sz\u00f3sty jest przeprowadzana &nbsp;&nbsp;w [&hellip;]<\/p>\n","protected":false},"author":15,"featured_media":0,"comment_status":"closed","ping_status":"closed","sticky":false,"template":"","format":"standard","meta":{"ngg_post_thumbnail":0},"categories":[1],"tags":[],"_links":{"self":[{"href":"https:\/\/sloneczna9.pl\/index.php?rest_route=\/wp\/v2\/posts\/15115"}],"collection":[{"href":"https:\/\/sloneczna9.pl\/index.php?rest_route=\/wp\/v2\/posts"}],"about":[{"href":"https:\/\/sloneczna9.pl\/index.php?rest_route=\/wp\/v2\/types\/post"}],"author":[{"embeddable":true,"href":"https:\/\/sloneczna9.pl\/index.php?rest_route=\/wp\/v2\/users\/15"}],"replies":[{"embeddable":true,"href":"https:\/\/sloneczna9.pl\/index.php?rest_route=%2Fwp%2Fv2%2Fcomments&post=15115"}],"version-history":[{"count":2,"href":"https:\/\/sloneczna9.pl\/index.php?rest_route=\/wp\/v2\/posts\/15115\/revisions"}],"predecessor-version":[{"id":15124,"href":"https:\/\/sloneczna9.pl\/index.php?rest_route=\/wp\/v2\/posts\/15115\/revisions\/15124"}],"wp:attachment":[{"href":"https:\/\/sloneczna9.pl\/index.php?rest_route=%2Fwp%2Fv2%2Fmedia&parent=15115"}],"wp:term":[{"taxonomy":"category","embeddable":true,"href":"https:\/\/sloneczna9.pl\/index.php?rest_route=%2Fwp%2Fv2%2Fcategories&post=15115"},{"taxonomy":"post_tag","embeddable":true,"href":"https:\/\/sloneczna9.pl\/index.php?rest_route=%2Fwp%2Fv2%2Ftags&post=15115"}],"curies":[{"name":"wp","href":"https:\/\/api.w.org\/{rel}","templated":true}]}}