{"id":14661,"date":"2022-03-10T19:52:04","date_gmt":"2022-03-10T18:52:04","guid":{"rendered":"https:\/\/sloneczna9.pl\/?p=14661"},"modified":"2022-03-10T19:52:04","modified_gmt":"2022-03-10T18:52:04","slug":"miedzynarodowy-dzien-osob-z-niepelnosprawnosciami","status":"publish","type":"post","link":"https:\/\/sloneczna9.pl\/?p=14661","title":{"rendered":"Mi\u0119dzynarodowy Dzie\u0144 Os\u00f3b Z Niepe\u0142nosprawno\u015bciami"},"content":{"rendered":"<p style=\"text-align: left\">Co roku 3 grudnia obchodzony jest Mi\u0119dzynarodowy Dzie\u0144 Os\u00f3b z Niepe\u0142nosprawno\u015bciami, kt\u00f3rego celem jest zwi\u0119kszenie \u015bwiadomo\u015bci publicznej na temat ogranicze\u0144, z jakimi borykaj\u0105 si\u0119 osoby z niepe\u0142nosprawno\u015bciami i potrzeby konkretnych dzia\u0142a\u0144 w kierunku ich likwidowania. W naszym przedszkolu r\u00f3wnie\u017c uczcili\u015bmy ten wspania\u0142y i wa\u017cny dla wszystkich dzie\u0144. Przygotowali\u015bmy wystaw\u0119 promuj\u0105c\u0105 r\u00f3wno\u015b\u0107, tolerancj\u0119 a tak\u017ce drobne gesty, takie jak u\u015bmiech, zaproszenie do wsp\u00f3lnej zabawy, kt\u00f3re uwidocznili\u015bmy na plakatach w holu g\u0142\u00f3wnym przedszkola.<\/p>\n<p>Przy\u015bwieca\u0142o nam has\u0142o &#8221; Ka\u017cdy inny, wszyscy r\u00f3wni&#8221;.<\/p>\n<p style=\"text-align: left\"><em><img loading=\"lazy\" class=\"alignnone size-full wp-image-14662\" src=\"https:\/\/sloneczna9.pl\/wp-content\/uploads\/2022\/03\/received_3079874225661220.jpeg\" alt=\"\" width=\"1734\" height=\"1302\"> <img loading=\"lazy\" class=\"alignnone size-full wp-image-14663\" src=\"https:\/\/sloneczna9.pl\/wp-content\/uploads\/2022\/03\/received_1586720171668331.jpeg\" alt=\"\" width=\"720\" height=\"960\"> <img loading=\"lazy\" class=\"alignnone size-full wp-image-14664\" src=\"https:\/\/sloneczna9.pl\/wp-content\/uploads\/2022\/03\/received_229804552566769.jpeg\" alt=\"\" width=\"651\" height=\"870\"><\/em><\/p>\n","protected":false},"excerpt":{"rendered":"<p>Co roku 3 grudnia obchodzony jest Mi\u0119dzynarodowy Dzie\u0144 Os\u00f3b z Niepe\u0142nosprawno\u015bciami, kt\u00f3rego celem jest zwi\u0119kszenie \u015bwiadomo\u015bci publicznej na temat ogranicze\u0144, z jakimi borykaj\u0105 si\u0119 osoby z niepe\u0142nosprawno\u015bciami i potrzeby konkretnych dzia\u0142a\u0144 w kierunku ich likwidowania. W naszym przedszkolu r\u00f3wnie\u017c uczcili\u015bmy ten wspania\u0142y i wa\u017cny dla wszystkich dzie\u0144. Przygotowali\u015bmy wystaw\u0119 promuj\u0105c\u0105 r\u00f3wno\u015b\u0107, tolerancj\u0119 a tak\u017ce drobne [&hellip;]<\/p>\n","protected":false},"author":7,"featured_media":0,"comment_status":"closed","ping_status":"closed","sticky":false,"template":"","format":"standard","meta":{"ngg_post_thumbnail":0},"categories":[1],"tags":[],"_links":{"self":[{"href":"https:\/\/sloneczna9.pl\/index.php?rest_route=\/wp\/v2\/posts\/14661"}],"collection":[{"href":"https:\/\/sloneczna9.pl\/index.php?rest_route=\/wp\/v2\/posts"}],"about":[{"href":"https:\/\/sloneczna9.pl\/index.php?rest_route=\/wp\/v2\/types\/post"}],"author":[{"embeddable":true,"href":"https:\/\/sloneczna9.pl\/index.php?rest_route=\/wp\/v2\/users\/7"}],"replies":[{"embeddable":true,"href":"https:\/\/sloneczna9.pl\/index.php?rest_route=%2Fwp%2Fv2%2Fcomments&post=14661"}],"version-history":[{"count":1,"href":"https:\/\/sloneczna9.pl\/index.php?rest_route=\/wp\/v2\/posts\/14661\/revisions"}],"predecessor-version":[{"id":14666,"href":"https:\/\/sloneczna9.pl\/index.php?rest_route=\/wp\/v2\/posts\/14661\/revisions\/14666"}],"wp:attachment":[{"href":"https:\/\/sloneczna9.pl\/index.php?rest_route=%2Fwp%2Fv2%2Fmedia&parent=14661"}],"wp:term":[{"taxonomy":"category","embeddable":true,"href":"https:\/\/sloneczna9.pl\/index.php?rest_route=%2Fwp%2Fv2%2Fcategories&post=14661"},{"taxonomy":"post_tag","embeddable":true,"href":"https:\/\/sloneczna9.pl\/index.php?rest_route=%2Fwp%2Fv2%2Ftags&post=14661"}],"curies":[{"name":"wp","href":"https:\/\/api.w.org\/{rel}","templated":true}]}}