{"id":1159,"date":"2020-10-10T23:41:23","date_gmt":"2020-10-10T21:41:23","guid":{"rendered":"https:\/\/waszkiewicz.net\/przedszkole\/?p=1159"},"modified":"2021-03-22T20:45:03","modified_gmt":"2021-03-22T19:45:03","slug":"zasady-bezpieczenstwa","status":"publish","type":"post","link":"https:\/\/sloneczna9.pl\/?p=1159","title":{"rendered":"Zasady bezpiecze\u0144stwa"},"content":{"rendered":"<h4 class=\"dd-postheadericons dd-metadata-icons\"><strong>Zasady bezpiecze\u0144stwa w nowym roku szkolnym<\/strong><\/h4>\n<div class=\"dd-postcontent clearfix\">\n<div class=\"dd-article\">\n<p>Chcemy, \u017ceby przedszkola by\u0142y bezpieczne i pozosta\u0142y zamkni\u0119te dla koronawirusa. W zwi\u0105zku z tym, mamy dla Ciebie Rodzicu kilka wskaz\u00f3wek!<\/p>\n<ul>\n<li><strong>Dziecko \u017ale si\u0119 czuje? Powinno zosta\u0107 w domu<\/strong><\/li>\n<\/ul>\n<p>Zauwa\u017cy\u0142e\u015b u swojego dziecka niepokoj\u0105ce objawy? Dziecko skar\u017cy si\u0119 na z\u0142e samopoczucie? W takiej sytuacji nie posy\u0142aj go do przedszkola. Poinformuj r\u00f3wnie\u017c plac\u00f3wk\u0119, je\u015bli domownicy s\u0105 obj\u0119ci kwarantann\u0105.<\/p>\n<ul>\n<li><strong>Przestrzegaj zasad ustalonych przez przedszkole<\/strong><\/li>\n<\/ul>\n<p>Aby zwi\u0119kszy\u0107 bezpiecze\u0144stwo dzieci i nauczycieli, przedszkole mo\u017ce wprowadzi\u0107 wewn\u0119trzne zasady. Stosuj si\u0119 ze swoim dzieckiem do nowych regu\u0142. Dzi\u0119ki temu chronicie siebie i innych.<\/p>\n<ul>\n<li><strong>Rozmawiajcie o nowych zasadach<\/strong><\/li>\n<\/ul>\n<p>Rozmawiaj ze swoim dzieckiem na temat nowych zasad bezpiecze\u0144stwa, kt\u00f3re obowi\u0105zuj\u0105 w czasie zaj\u0119\u0107 w przedszkolu, ale tak\u017ce po nich. Wyt\u0142umacz mu, \u017ce dzi\u0119ki ich przestrzeganiu szybciej powr\u00f3cimy do normalno\u015bci.<\/p>\n<ul>\n<li><strong>Rozwa\u017ccie spacer i sp\u0119dzanie czasu na \u015bwie\u017cym powietrzu<\/strong><\/li>\n<\/ul>\n<p>Je\u017celi przedszkole jest niedaleko Waszego domu, zrezygnuj z komunikacji miejskiej. Razem z dzieckiem zr\u00f3bcie sobie spacer w drodze do przedszkola. W miar\u0119 mo\u017cliwo\u015bci sp\u0119dzajcie te\u017c wolny czas na \u015bwie\u017cym powietrzu.<\/p>\n<\/div>\n<\/div>\n","protected":false},"excerpt":{"rendered":"<p>Zasady bezpiecze\u0144stwa w nowym roku szkolnym Chcemy, \u017ceby przedszkola by\u0142y bezpieczne i pozosta\u0142y zamkni\u0119te dla koronawirusa. W zwi\u0105zku z tym, mamy dla Ciebie Rodzicu kilka wskaz\u00f3wek! Dziecko \u017ale si\u0119 czuje? Powinno zosta\u0107 w domu Zauwa\u017cy\u0142e\u015b u swojego dziecka niepokoj\u0105ce objawy? Dziecko skar\u017cy si\u0119 na z\u0142e samopoczucie? W takiej sytuacji nie posy\u0142aj go do przedszkola. Poinformuj [&hellip;]<\/p>\n","protected":false},"author":19,"featured_media":0,"comment_status":"closed","ping_status":"closed","sticky":false,"template":"","format":"standard","meta":{"ngg_post_thumbnail":0},"categories":[1],"tags":[],"_links":{"self":[{"href":"https:\/\/sloneczna9.pl\/index.php?rest_route=\/wp\/v2\/posts\/1159"}],"collection":[{"href":"https:\/\/sloneczna9.pl\/index.php?rest_route=\/wp\/v2\/posts"}],"about":[{"href":"https:\/\/sloneczna9.pl\/index.php?rest_route=\/wp\/v2\/types\/post"}],"author":[{"embeddable":true,"href":"https:\/\/sloneczna9.pl\/index.php?rest_route=\/wp\/v2\/users\/19"}],"replies":[{"embeddable":true,"href":"https:\/\/sloneczna9.pl\/index.php?rest_route=%2Fwp%2Fv2%2Fcomments&post=1159"}],"version-history":[{"count":1,"href":"https:\/\/sloneczna9.pl\/index.php?rest_route=\/wp\/v2\/posts\/1159\/revisions"}],"predecessor-version":[{"id":1160,"href":"https:\/\/sloneczna9.pl\/index.php?rest_route=\/wp\/v2\/posts\/1159\/revisions\/1160"}],"wp:attachment":[{"href":"https:\/\/sloneczna9.pl\/index.php?rest_route=%2Fwp%2Fv2%2Fmedia&parent=1159"}],"wp:term":[{"taxonomy":"category","embeddable":true,"href":"https:\/\/sloneczna9.pl\/index.php?rest_route=%2Fwp%2Fv2%2Fcategories&post=1159"},{"taxonomy":"post_tag","embeddable":true,"href":"https:\/\/sloneczna9.pl\/index.php?rest_route=%2Fwp%2Fv2%2Ftags&post=1159"}],"curies":[{"name":"wp","href":"https:\/\/api.w.org\/{rel}","templated":true}]}}