{"id":1154,"date":"2020-10-10T23:39:15","date_gmt":"2020-10-10T21:39:15","guid":{"rendered":"https:\/\/waszkiewicz.net\/przedszkole\/?p=1154"},"modified":"2021-03-22T20:45:03","modified_gmt":"2021-03-22T19:45:03","slug":"nowy-rok-szkolny-2020-2021","status":"publish","type":"post","link":"https:\/\/sloneczna9.pl\/?p=1154","title":{"rendered":"Nowy rok szkolny 2020\/2021"},"content":{"rendered":"<div class=\"dd-postheadericons dd-metadata-icons\"><em>Szanowni Pa\u0144stwo,<\/em><\/div>\n<div class=\"dd-postcontent clearfix\">\n<div class=\"dd-article\">\n<p><em>W dniu 1 wrze\u015bnia 2020 roku nast\u0105pi d\u0142ugo oczekiwany przez wszystkich powr\u00f3t dzieci do przedszkoli. W trosce o dobro Nas wszystkich pragn\u0119 podzieli\u0107 si\u0119 z Pa\u0144stwem wa\u017cnymi informacjami zwi\u0105zanymi z tym trudnym dla nas wszystkich czasem. Prosz\u0119 o uwa\u017cne przeczytanie mojego listu,<br \/>\na nast\u0119pnie o przekazanie tre\u015bci w odpowiedni spos\u00f3b swoim dzieciom. Musimy wsp\u00f3lnie przygotowa\u0107 je na powr\u00f3t do przedszkola w innej rzeczywisto\u015bci. Z wiadomych powod\u00f3w nie b\u0119dzie to &#8222;p\u0142ynna kontynuacja&#8221; codziennego \u017cycia przedszkolnego.&nbsp;<\/em><em>Sytuacja zagro\u017cenia epidemiologicznego niesie ze sob\u0105 wiele ogranicze\u0144, kt\u00f3re musimy zaakceptowa\u0107. T\u0142umaczmy dziecku dlaczego tak si\u0119 dzieje, wsp\u00f3lnie szukajmy rozwi\u0105za\u0144 i kompromis\u00f3w. Najwi\u0119kszym wsparciem dla dziecka jest rodzic. Wi\u0119kszo\u015b\u0107 trudnych sytuacji i emocji jeste\u015bcie w stanie opanowa\u0107 dzi\u0119ki wzajemnej rozmowie.<\/em><\/p>\n<h5><strong><em>Og\u00f3lne \u015brodki higieny i bezpiecze\u0144stwa<\/em><\/strong><\/h5>\n<ul>\n<li><em>Wchodzenie do przedszkola przez jednego z rodzic\u00f3w z os\u0142on\u0105 ust i nosa, w ten spos\u00f3b docieraj\u0105c do szatni.<\/em><\/li>\n<li><em>Mycie r\u0105k po wej\u015bciu.<\/em><\/li>\n<li><em>Zachowanie dystansu (co najmniej 1 metr).<\/em><\/li>\n<li><em>Uaktualnienie w jak najkr\u00f3tszym czasie Pa\u0144stwa numer\u00f3w telefon\u00f3w oraz os\u00f3b zdeklarowanych do szybkiego odbioru dziecka w razie potrzeby.<\/em><\/li>\n<li><em>Rodzice i osoby towarzysz\u0105ce bez wa\u017cnego powodu nie wchodz\u0105 na teren przedszkola bez um\u00f3wionego terminu.<\/em><\/li>\n<\/ul>\n<p><em>&nbsp;<\/em><\/p>\n<h5><strong><em>System organizacji pracy szko\u0142y<\/em><\/strong><\/h5>\n<p>&nbsp;<\/p>\n<ul>\n<li><em>Uruchomienie wszystkich wej\u015b\u0107 na teren przedszkola w celu roz\u0142adowania zatoru przy wej\u015bciu i wyj\u015bciu dzieci z przedszkola wraz z rodzicem.<\/em><\/li>\n<li><em>Od ogrodzenia &#8211; podobnie jak na ca\u0142ym terenie przedszkolnym &#8211; maseczka jest obowi\u0105zkowa.<\/em><\/li>\n<li><em>Przed ogrodzeniem zachowujemy dystans 1 m.<\/em><\/li>\n<li><em>Ka\u017cda grupa b\u0119dzie mia\u0142a przypisan\u0105 do zaj\u0119\u0107 swoj\u0105 sal\u0119, wszystkie zaj\u0119cia danej grupy przedszkolnej odbywaj\u0105 si\u0119 w jednym miejscu, co uniemo\u017cliwi kontakt podczas przemieszczania si\u0119 dzieci po przedszkolu mi\u0119dzy salami.<\/em><\/li>\n<li><em>Dzieci nie przynosz\u0105 do przedszkola \u017cadnych przedmiot\u00f3w z domu.<\/em><\/li>\n<li><em>Rodzice nie wchodz\u0105 do sal przedszkolnych.<\/em><\/li>\n<\/ul>\n<p><em>&nbsp;<\/em><\/p>\n<p><em>&nbsp;<\/em><\/p>\n<p><em>Na koniec wa\u017cny apel:<\/em><\/p>\n<p><em>Je\u017celi Pa\u0144stwa dziecko wykazuje w domu objawy choroby (gor\u0105czka, kaszel, katar, nudno\u015bci lub og\u00f3lne os\u0142abienie fizyczne) pozostaje w domu dla og\u00f3lnego bezpiecze\u0144stwa wszystkich (chorego dziecka, innych dzieci, nauczycieli, obs\u0142ugi przedszkola) oraz pilnej konsultacji z lekarzem. Na zako\u0144czenie pragn\u0119 jeszcze raz przypomnie\u0107, \u017ce Pa\u0144stwo jako rodzic mo\u017cecie wej\u015b\u0107 na tern przedszkola w wyj\u0105tkowych sytuacjach i po wcze\u015bniejszym um\u00f3wieniu telefonicznym z obowi\u0105zkow\u0105 os\u0142on\u0105 ust i nosa<\/em><em>.&nbsp;<\/em><em>Jak wspomniano na pocz\u0105tku, prosz\u0119 przygotowa\u0107 Pa\u0144stwa dziecko za pomoc\u0105 rozmowy do g\u0142\u00f3wnych &#8222;innowacji&#8221;, kt\u00f3re zosta\u0142y wyja\u015bnione wyczerpuj\u0105co w tym pi\u015bmie i kt\u00f3rych dziecko mo\u017ce oczekiwa\u0107 od nast\u0119pnego tygodnia w &#8222;nowej rzeczywisto\u015bci przedszkolnej&#8221;, aby powr\u00f3t do przedszkola uda\u0142 si\u0119 jak najlepiej.<\/em><\/p>\n<p style=\"text-align: right;\"><strong><em>Z g\u00f3ry dzi\u0119kuj\u0119 za wsparcie i wsp\u00f3\u0142prac\u0119!<\/em><\/strong><\/p>\n<p style=\"text-align: right;\"><strong><em>Z serdecznymi pozdrowieniami<\/em><\/strong><\/p>\n<p style=\"text-align: right;\"><strong><em>Monika Danilkiewicz<\/em><\/strong><\/p>\n<p style=\"text-align: right;\"><strong><em>wicedyrektor<\/em><\/strong><\/p>\n<\/div>\n<\/div>\n","protected":false},"excerpt":{"rendered":"<p>Szanowni Pa\u0144stwo, W dniu 1 wrze\u015bnia 2020 roku nast\u0105pi d\u0142ugo oczekiwany przez wszystkich powr\u00f3t dzieci do przedszkoli. W trosce o dobro Nas wszystkich pragn\u0119 podzieli\u0107 si\u0119 z Pa\u0144stwem wa\u017cnymi informacjami zwi\u0105zanymi z tym trudnym dla nas wszystkich czasem. Prosz\u0119 o uwa\u017cne przeczytanie mojego listu, a nast\u0119pnie o przekazanie tre\u015bci w odpowiedni spos\u00f3b swoim dzieciom. Musimy [&hellip;]<\/p>\n","protected":false},"author":19,"featured_media":0,"comment_status":"closed","ping_status":"closed","sticky":false,"template":"","format":"standard","meta":{"ngg_post_thumbnail":0},"categories":[1],"tags":[],"_links":{"self":[{"href":"https:\/\/sloneczna9.pl\/index.php?rest_route=\/wp\/v2\/posts\/1154"}],"collection":[{"href":"https:\/\/sloneczna9.pl\/index.php?rest_route=\/wp\/v2\/posts"}],"about":[{"href":"https:\/\/sloneczna9.pl\/index.php?rest_route=\/wp\/v2\/types\/post"}],"author":[{"embeddable":true,"href":"https:\/\/sloneczna9.pl\/index.php?rest_route=\/wp\/v2\/users\/19"}],"replies":[{"embeddable":true,"href":"https:\/\/sloneczna9.pl\/index.php?rest_route=%2Fwp%2Fv2%2Fcomments&post=1154"}],"version-history":[{"count":2,"href":"https:\/\/sloneczna9.pl\/index.php?rest_route=\/wp\/v2\/posts\/1154\/revisions"}],"predecessor-version":[{"id":1156,"href":"https:\/\/sloneczna9.pl\/index.php?rest_route=\/wp\/v2\/posts\/1154\/revisions\/1156"}],"wp:attachment":[{"href":"https:\/\/sloneczna9.pl\/index.php?rest_route=%2Fwp%2Fv2%2Fmedia&parent=1154"}],"wp:term":[{"taxonomy":"category","embeddable":true,"href":"https:\/\/sloneczna9.pl\/index.php?rest_route=%2Fwp%2Fv2%2Fcategories&post=1154"},{"taxonomy":"post_tag","embeddable":true,"href":"https:\/\/sloneczna9.pl\/index.php?rest_route=%2Fwp%2Fv2%2Ftags&post=1154"}],"curies":[{"name":"wp","href":"https:\/\/api.w.org\/{rel}","templated":true}]}}