{"id":10603,"date":"2021-11-07T10:12:26","date_gmt":"2021-11-07T09:12:26","guid":{"rendered":"https:\/\/sloneczna9.pl\/?p=10603"},"modified":"2021-11-07T10:12:26","modified_gmt":"2021-11-07T09:12:26","slug":"szkola-do-hymnu-4","status":"publish","type":"post","link":"https:\/\/sloneczna9.pl\/?p=10603","title":{"rendered":"SZKO\u0141A DO HYMNU"},"content":{"rendered":"<p style=\"text-align: left;\">Ju\u017c po raz czwarty nasze przedszkole bierze udzia\u0142 &nbsp;w akcji MEN \u201eSzko\u0142a do hymnu\u201d. W \u015brod\u0119 10 listopada o godzinie 11:11 odb\u0119dzie si\u0119 uroczyste od\u015bpiewanie \u201eMazurka D\u0105browskiego\u201d.<\/p>\n<p><img loading=\"lazy\" class=\"alignnone size-full wp-image-10604\" src=\"https:\/\/sloneczna9.pl\/wp-content\/uploads\/2021\/11\/szkoladohymnu2021grafika.png\" alt=\"\" width=\"1920\" height=\"1080\"><\/p>\n","protected":false},"excerpt":{"rendered":"<p>Ju\u017c po raz czwarty nasze przedszkole bierze udzia\u0142 &nbsp;w akcji MEN \u201eSzko\u0142a do hymnu\u201d. W \u015brod\u0119 10 listopada o godzinie 11:11 odb\u0119dzie si\u0119 uroczyste od\u015bpiewanie \u201eMazurka D\u0105browskiego\u201d.<\/p>\n","protected":false},"author":19,"featured_media":0,"comment_status":"closed","ping_status":"closed","sticky":false,"template":"","format":"standard","meta":{"ngg_post_thumbnail":0},"categories":[1],"tags":[],"_links":{"self":[{"href":"https:\/\/sloneczna9.pl\/index.php?rest_route=\/wp\/v2\/posts\/10603"}],"collection":[{"href":"https:\/\/sloneczna9.pl\/index.php?rest_route=\/wp\/v2\/posts"}],"about":[{"href":"https:\/\/sloneczna9.pl\/index.php?rest_route=\/wp\/v2\/types\/post"}],"author":[{"embeddable":true,"href":"https:\/\/sloneczna9.pl\/index.php?rest_route=\/wp\/v2\/users\/19"}],"replies":[{"embeddable":true,"href":"https:\/\/sloneczna9.pl\/index.php?rest_route=%2Fwp%2Fv2%2Fcomments&post=10603"}],"version-history":[{"count":1,"href":"https:\/\/sloneczna9.pl\/index.php?rest_route=\/wp\/v2\/posts\/10603\/revisions"}],"predecessor-version":[{"id":10605,"href":"https:\/\/sloneczna9.pl\/index.php?rest_route=\/wp\/v2\/posts\/10603\/revisions\/10605"}],"wp:attachment":[{"href":"https:\/\/sloneczna9.pl\/index.php?rest_route=%2Fwp%2Fv2%2Fmedia&parent=10603"}],"wp:term":[{"taxonomy":"category","embeddable":true,"href":"https:\/\/sloneczna9.pl\/index.php?rest_route=%2Fwp%2Fv2%2Fcategories&post=10603"},{"taxonomy":"post_tag","embeddable":true,"href":"https:\/\/sloneczna9.pl\/index.php?rest_route=%2Fwp%2Fv2%2Ftags&post=10603"}],"curies":[{"name":"wp","href":"https:\/\/api.w.org\/{rel}","templated":true}]}}